{"id":532,"date":"2020-08-23T18:50:59","date_gmt":"2020-08-23T16:50:59","guid":{"rendered":"https:\/\/wp.gruene-florstadt.de\/?p=532"},"modified":"2021-07-04T19:16:42","modified_gmt":"2021-07-04T17:16:42","slug":"du-fuer-deinen-ort","status":"publish","type":"post","link":"https:\/\/gruene-florstadt.de\/?p=532","title":{"rendered":"Du f\u00fcr Deinen Ort!"},"content":{"rendered":"\n<p>Unter diesem Titel hatten die \u201eGR\u00dcNEN\u201c Florstadt zu einer Informationsveranstaltung \u00fcber Kommunalpolitik eingeladen. Zwei Ziele verfolgte diese Veranstaltung: zum einen die Aufnahme von Ideen und Interessen der anwesenden B\u00fcrgerinnen und B\u00fcrger, zum anderen die Vermittlung von Grundinformationen \u00fcber Kommunalpolitik und die m\u00f6gliche Beteiligung bei der Umsetzung von gemeinsam erarbeiteten Zielen.<\/p>\n\n\n\n<p>Eingeladen hatte die GR\u00dcNE Fraktion im Stadtparlament, die Landtagsabgeordnete der GR\u00dcNEN Kathrin Anders aus Bad Vilbel sowie der Kreistagsabgeordnete Gerhard Salz. Das B\u00fcrgerhaus in Ober-Florstadt bot den passenden Rahmen und bedingt durch die Personenbegrenzung in Pandemiezeiten war die erlaubte Personenzahl fast erreicht worden. So f\u00fchrten die 20 Teilnehmerinnen und Teilnehmer engagierte Gespr\u00e4che.<\/p>\n\n\n\n<p>Kathrin Anders stellte an die Runde die Frage, was die Anwesenden wohl tun w\u00fcrden, wenn sie \u201eB\u00fcrgermeister*in von Florstadt\u201c w\u00e4ren. Diese Frage animierte die Gruppe zu einem bunten Reigen an W\u00fcnschen. Es folgten Diskussionen \u00fcber umweltfreundliche Mobilit\u00e4t, Verkehrs- und Flugl\u00e4rmbelastungen, &nbsp;Geschwindigkeitsbegrenzungen in den Durchgangsstra\u00dfen, zu volle Schulbusse, Klimaschutzma\u00dfnahmen in der Stadt, den fehlenden direkten Radweg nach Friedberg , Erhalt von Windkraftanlagen, einkommensabh\u00e4ngige oder gar keine Kindergartengeb\u00fchren, Belebung der \u00f6rtlichen Gesch\u00e4fte, Gleichbehandlung der Stadtteile und die Begrenzung neuer Landschaftsversiegelung. Ganz konkret wurde vorgeschlagen, einen Stammtisch zum Thema \u201eneue Formen der Energiegewinnung\u201c einzurichten, um sich hier \u00fcber praktikable Konzepte auszutauschen. Im Anschluss stellte Fraktionsvorsitzende Gudrun Neher die zentralen Themen der Kommunalpolitik vor und Gerhard Salz informierte \u00fcber die geplanten n\u00e4chsten Schritte bei der Vorbereitung eines kommunalen Programms und der Aufstellung einer Kandidat*innen-Liste f\u00fcr die Kommunalwahl am 14. M\u00e4rz 2021. Die Impulse der Teilnehmer dieser Veranstaltung werden in die Programmdiskussion einflie\u00dfen und das Wahlprogramm in Florstadt mitgestalten. Auch in den n\u00e4chsten Wochen wird zu \u00f6ffentlichen Treffen einladen, an denen sich alle Interessent*innen gerne beteiligen k\u00f6nnen.<\/p>\n","protected":false},"excerpt":{"rendered":"<p>Unter diesem Titel hatten die \u201eGR\u00dcNEN\u201c Florstadt zu einer Informationsveranstaltung \u00fcber Kommunalpolitik eingeladen. Zwei Ziele verfolgte diese Veranstaltung: zum einen die Aufnahme von Ideen und Interessen der anwesenden B\u00fcrgerinnen und&#8230; <\/p>\n","protected":false},"author":1,"featured_media":538,"comment_status":"open","ping_status":"open","sticky":false,"template":"","format":"standard","meta":{"footnotes":""},"categories":[1],"tags":[],"class_list":["post-532","post","type-post","status-publish","format-standard","has-post-thumbnail","hentry","category-allgemein"],"_links":{"self":[{"href":"https:\/\/gruene-florstadt.de\/index.php?rest_route=\/wp\/v2\/posts\/532","targetHints":{"allow":["GET"]}}],"collection":[{"href":"https:\/\/gruene-florstadt.de\/index.php?rest_route=\/wp\/v2\/posts"}],"about":[{"href":"https:\/\/gruene-florstadt.de\/index.php?rest_route=\/wp\/v2\/types\/post"}],"author":[{"embeddable":true,"href":"https:\/\/gruene-florstadt.de\/index.php?rest_route=\/wp\/v2\/users\/1"}],"replies":[{"embeddable":true,"href":"https:\/\/gruene-florstadt.de\/index.php?rest_route=%2Fwp%2Fv2%2Fcomments&post=532"}],"version-history":[{"count":1,"href":"https:\/\/gruene-florstadt.de\/index.php?rest_route=\/wp\/v2\/posts\/532\/revisions"}],"predecessor-version":[{"id":533,"href":"https:\/\/gruene-florstadt.de\/index.php?rest_route=\/wp\/v2\/posts\/532\/revisions\/533"}],"wp:featuredmedia":[{"embeddable":true,"href":"https:\/\/gruene-florstadt.de\/index.php?rest_route=\/wp\/v2\/media\/538"}],"wp:attachment":[{"href":"https:\/\/gruene-florstadt.de\/index.php?rest_route=%2Fwp%2Fv2%2Fmedia&parent=532"}],"wp:term":[{"taxonomy":"category","embeddable":true,"href":"https:\/\/gruene-florstadt.de\/index.php?rest_route=%2Fwp%2Fv2%2Fcategories&post=532"},{"taxonomy":"post_tag","embeddable":true,"href":"https:\/\/gruene-florstadt.de\/index.php?rest_route=%2Fwp%2Fv2%2Ftags&post=532"}],"curies":[{"name":"wp","href":"https:\/\/api.w.org\/{rel}","templated":true}]}}