{"id":530,"date":"2020-11-10T18:49:58","date_gmt":"2020-11-10T17:49:58","guid":{"rendered":"https:\/\/wp.gruene-florstadt.de\/?p=530"},"modified":"2021-07-04T19:17:32","modified_gmt":"2021-07-04T17:17:32","slug":"gruene-wuenschen-sich-gelbe-baender","status":"publish","type":"post","link":"https:\/\/gruene-florstadt.de\/?p=530","title":{"rendered":"Gr\u00fcne w\u00fcnschen sich \u201egelbe B\u00e4nder\u201c"},"content":{"rendered":"\n<p>Gelbe B\u00e4nder um Obstb\u00e4ume zeigen an, dass die Fr\u00fcchte jeder f\u00fcr den Eigenbedarf ernten darf. Denn viele Obstbaumbesitzer sind nicht in der Lage alle B\u00e4ume abzuernten. Der Aktion \u201egelbes Band\u201c hat sich nicht nur die Stadt Lich, sondern viele andere Regionen in Deutschland angeschlossen. Der Landkreis Esslingen in Baden-W\u00fcrttemberg, der diese Aktion fl\u00e4chendeckend umgesetzt hat, hat damit sogar einen Preis des Bundesministeriums f\u00fcr Ern\u00e4hrung und Landwirtschaft (BMEL) im Projekt \u201eZu gut f\u00fcr die Tonne\u201c gewonnen.<\/p>\n\n\n\n<p>Die Gr\u00fcnen in Florstadt und Altenstadt beantragen in ihren Stadt- und Gemeindeparlamenten sich bereits jetzt dieser Aktion anzuschlie\u00dfen, um genug Zeit zu haben bis zur n\u00e4chsten Erntesaison im Herbst 2021 gut vorbereitet zu sein.<\/p>\n\n\n\n<p>\u201eWir h\u00e4tten diesen Herbst deutlich mehr \u00c4pfel verarbeiten k\u00f6nnen! Leider blieb viel zu viel an den B\u00e4umen h\u00e4ngen oder verrottet im Laufe des Winters!\u201c sagte uns \u201eKeltermeister\u201c Thomas Wenzel aus Rodenbach. Leider verrotten Jahr f\u00fcr Jahr viele Tonnen Obst auf Streuobstwiesen, weil viele Eigent\u00fcmer keine Zeit oder kein Interesse haben, das Obst zu verwerten. Das Abernten ist f\u00fcr Fremde verboten, selbst&nbsp; wenn offensichtlich ist, dass sich niemand um die B\u00e4ume k\u00fcmmert. Zeitgleich wird in den Superm\u00e4rkten Obst angeboten, das oft tausende von Kilometern transportiert wird.<\/p>\n\n\n\n<p>Die Pflege von Streuobstwiesen ist ein wichtiger Baustein eines klimafreundlichen Lebensstils und des Erhalts der Biodiversit\u00e4t. Gerade im Jahr 2020 mit den Corona-Einschr\u00e4nkungen entdecken viele diesen Lebensstil wieder. Ein solches Projekt kann einen kleinen Beitrag zur Verringerung der Verschwendung von Lebensmitteln erbringen, es kann auch aktiv Transportwege verk\u00fcrzen und damit zur Reduzierung des Aussto\u00dfes klimasch\u00e4dlicher Gase beitragen. Au\u00dferdem unterst\u00fctzt die Abgabe von Kelterobst die regionale Apfelsaftproduktion, die in Florstadt und Altenstadt vor der Haust\u00fcre liegt.<\/p>\n","protected":false},"excerpt":{"rendered":"<p>Gelbe B\u00e4nder um Obstb\u00e4ume zeigen an, dass die Fr\u00fcchte jeder f\u00fcr den Eigenbedarf ernten darf. Denn viele Obstbaumbesitzer sind nicht in der Lage alle B\u00e4ume abzuernten. Der Aktion \u201egelbes Band\u201c&#8230; <\/p>\n","protected":false},"author":1,"featured_media":539,"comment_status":"open","ping_status":"open","sticky":false,"template":"","format":"standard","meta":{"footnotes":""},"categories":[1],"tags":[],"class_list":["post-530","post","type-post","status-publish","format-standard","has-post-thumbnail","hentry","category-allgemein"],"_links":{"self":[{"href":"https:\/\/gruene-florstadt.de\/index.php?rest_route=\/wp\/v2\/posts\/530","targetHints":{"allow":["GET"]}}],"collection":[{"href":"https:\/\/gruene-florstadt.de\/index.php?rest_route=\/wp\/v2\/posts"}],"about":[{"href":"https:\/\/gruene-florstadt.de\/index.php?rest_route=\/wp\/v2\/types\/post"}],"author":[{"embeddable":true,"href":"https:\/\/gruene-florstadt.de\/index.php?rest_route=\/wp\/v2\/users\/1"}],"replies":[{"embeddable":true,"href":"https:\/\/gruene-florstadt.de\/index.php?rest_route=%2Fwp%2Fv2%2Fcomments&post=530"}],"version-history":[{"count":1,"href":"https:\/\/gruene-florstadt.de\/index.php?rest_route=\/wp\/v2\/posts\/530\/revisions"}],"predecessor-version":[{"id":531,"href":"https:\/\/gruene-florstadt.de\/index.php?rest_route=\/wp\/v2\/posts\/530\/revisions\/531"}],"wp:featuredmedia":[{"embeddable":true,"href":"https:\/\/gruene-florstadt.de\/index.php?rest_route=\/wp\/v2\/media\/539"}],"wp:attachment":[{"href":"https:\/\/gruene-florstadt.de\/index.php?rest_route=%2Fwp%2Fv2%2Fmedia&parent=530"}],"wp:term":[{"taxonomy":"category","embeddable":true,"href":"https:\/\/gruene-florstadt.de\/index.php?rest_route=%2Fwp%2Fv2%2Fcategories&post=530"},{"taxonomy":"post_tag","embeddable":true,"href":"https:\/\/gruene-florstadt.de\/index.php?rest_route=%2Fwp%2Fv2%2Ftags&post=530"}],"curies":[{"name":"wp","href":"https:\/\/api.w.org\/{rel}","templated":true}]}}