{"id":527,"date":"2020-11-11T18:46:57","date_gmt":"2020-11-11T17:46:57","guid":{"rendered":"https:\/\/wp.gruene-florstadt.de\/?p=527"},"modified":"2021-07-04T18:47:12","modified_gmt":"2021-07-04T16:47:12","slug":"lueckenschluss-im-radwegenetz","status":"publish","type":"post","link":"https:\/\/gruene-florstadt.de\/?p=527","title":{"rendered":"L\u00fcckenschluss im Radwegenetz"},"content":{"rendered":"\n<p>Der direkte Weg zwischen Friedberg und Florstadt- die Bundesstra\u00dfe 275 ohne Radweg &#8211; ist f\u00fcr Fahrradfahrer, die vor allem aus beruflichen Gr\u00fcnden eine schnelle M\u00f6glichkeit auf dem Weg nach Friedberg suchen, lebensgef\u00e4hrlich. Alternative Wege sind wesentlich l\u00e4nger und beschwerlicher und damit f\u00fcr diesen Personenkreis unzumutbar.<\/p>\n\n\n\n<p>Die GR\u00dcNEN in beiden Orten nehmen sich diesem L\u00fcckenschluss an, der nicht nur zur Verkehrssicherheit beitr\u00e4gt, sondern auch unter Umweltgesichtspunkten zum Umsteigen vom Auto auf das Fahrrad motiviert. Dazu Gerhard Salz aus Florstadt: \u201e\u00dcber den Bundestagsabgeordneten Wolfgang Strengmann-Kuhn haben wir bereits eine Anfrage an das Bundesverkehrsministerium gerichtet. Darin wird eine eingehende Pr\u00fcfung bis Ende 2020 zugesagt. Im Radwegeplan des Wetteraukreises ist dieser L\u00fcckenschluss mit einer sehr hohen Priorit\u00e4t versehen.\u201c Bernd Stiller aus Friedberg erg\u00e4nzt: \u201eWir erwarten hier einen konkreten Planungsauftrag seitens des Bundes an die Hessische Stra\u00dfenbauverwaltung!\u201c<\/p>\n\n\n\n<p>Sowohl die n\u00f6rdliche Variante \u00fcber Bauernheim als auch die s\u00fcdliche Variante \u00fcber Wickstadt sind nicht nur l\u00e4nger, sondern auch mit dem Befahren von Stra\u00dfen verbunden. Bei der s\u00fcdlichen Variante kommen erschwerend erhebliche Steigungsabschnitte hinzu. Dabei m\u00fcsste man doch nur ein St\u00fcck Fahrradweg von ca. 5 km entlang der Bundesstra\u00dfe B 275 erg\u00e4nzen und die au\u00dferorts existierende L\u00fccke zwischen Ranstadt und Friedberg w\u00e4re geschlossen. Zwischen Ranstadt und Nieder-Florstadt sowie zwischen Ossenheim und Fauerbach existieren bereits au\u00dfer\u00f6rtliche Radwegeverbindung bzw. stra\u00dfenbegleitende Radwege.<\/p>\n\n\n\n<p>In beiden St\u00e4dten wird sich demn\u00e4chst das Stadtparlament mit diesem Radweg besch\u00e4ftigen. Die GR\u00dcNEN sind der Auffassung, dass Gremienbeschl\u00fcsse bei solchen Entscheidungen immer gut sind und das Verfahren beschleunigen k\u00f6nnen. Diesbez\u00fcgliche Initiativen der Stadtverwaltungen und der Magistrate sollen hierdurch nicht geschm\u00e4lert werden.<\/p>\n\n\n\n<p>Am vergangenen Sonntag haben sich Interessierte aus Friedberg und aus Florstadt am Ortseingang von Nieder-Florstadt getroffen und sind ein St\u00fcck der Bundesstra\u00dfe mit dem Rad entlang gefahren. Vor einigen Jahren wurde hier ein Florst\u00e4dter bereits angefahren und schwer verletzt. Conni Kosch aus Florstadt: \u201eIch fahre diese Strecke beruflich fast t\u00e4glich mit dem Fahrrad. Die gef\u00e4hrlichen Situationen nehmen dabei st\u00e4ndig zu. Es wird viel zu schnell gefahren und die Abst\u00e4nde beim \u00dcberholen werden nicht eingehalten. In den letzten&nbsp; Jahren hat der Autoverkehr durch neue Wohn- und Gewerbesiedlungen um Florstadt herum sehr zugenommen, so dass das Befahren der Bundesstra\u00dfe mit dem Fahrrad immer gef\u00e4hrlicher wird. Ein Radweg w\u00e4re hier die richtige L\u00f6sung.\u201c<\/p>\n\n\n\n<p>Daher fordern die GR\u00dcNEN die Planungen f\u00fcr den stra\u00dfenbegleitenden Radweg entlang der B 275 jetzt umgehend aufzunehmen. &nbsp;Die Wegef\u00fchrung k\u00f6nnte auf der Nordseite oder s\u00fcdlich der B 275 erfolgen.<\/p>\n","protected":false},"excerpt":{"rendered":"<p>Der direkte Weg zwischen Friedberg und Florstadt- die Bundesstra\u00dfe 275 ohne Radweg &#8211; ist f\u00fcr Fahrradfahrer, die vor allem aus beruflichen Gr\u00fcnden eine schnelle M\u00f6glichkeit auf dem Weg nach Friedberg&#8230; <\/p>\n","protected":false},"author":1,"featured_media":0,"comment_status":"open","ping_status":"open","sticky":false,"template":"","format":"standard","meta":{"footnotes":""},"categories":[1],"tags":[],"class_list":["post-527","post","type-post","status-publish","format-standard","hentry","category-allgemein"],"_links":{"self":[{"href":"https:\/\/gruene-florstadt.de\/index.php?rest_route=\/wp\/v2\/posts\/527","targetHints":{"allow":["GET"]}}],"collection":[{"href":"https:\/\/gruene-florstadt.de\/index.php?rest_route=\/wp\/v2\/posts"}],"about":[{"href":"https:\/\/gruene-florstadt.de\/index.php?rest_route=\/wp\/v2\/types\/post"}],"author":[{"embeddable":true,"href":"https:\/\/gruene-florstadt.de\/index.php?rest_route=\/wp\/v2\/users\/1"}],"replies":[{"embeddable":true,"href":"https:\/\/gruene-florstadt.de\/index.php?rest_route=%2Fwp%2Fv2%2Fcomments&post=527"}],"version-history":[{"count":1,"href":"https:\/\/gruene-florstadt.de\/index.php?rest_route=\/wp\/v2\/posts\/527\/revisions"}],"predecessor-version":[{"id":528,"href":"https:\/\/gruene-florstadt.de\/index.php?rest_route=\/wp\/v2\/posts\/527\/revisions\/528"}],"wp:attachment":[{"href":"https:\/\/gruene-florstadt.de\/index.php?rest_route=%2Fwp%2Fv2%2Fmedia&parent=527"}],"wp:term":[{"taxonomy":"category","embeddable":true,"href":"https:\/\/gruene-florstadt.de\/index.php?rest_route=%2Fwp%2Fv2%2Fcategories&post=527"},{"taxonomy":"post_tag","embeddable":true,"href":"https:\/\/gruene-florstadt.de\/index.php?rest_route=%2Fwp%2Fv2%2Ftags&post=527"}],"curies":[{"name":"wp","href":"https:\/\/api.w.org\/{rel}","templated":true}]}}