{"id":525,"date":"2020-12-01T18:44:10","date_gmt":"2020-12-01T17:44:10","guid":{"rendered":"https:\/\/wp.gruene-florstadt.de\/?p=525"},"modified":"2021-07-04T19:19:46","modified_gmt":"2021-07-04T17:19:46","slug":"gruene-florstadt-und-bund-florstadt-reichelsheim-informieren-digital","status":"publish","type":"post","link":"https:\/\/gruene-florstadt.de\/?p=525","title":{"rendered":"Gr\u00fcne Florstadt und BUND Florstadt-Reichelsheim informieren digital"},"content":{"rendered":"\n<p>Gro\u00dfes Interesse fand der erste digitale Vortrag der GR\u00dcNEN Florstadt zur Sinnhaftigkeit privater Photovoltaikanlagen. Referent war der Photovoltaikexperte und das M\u00fcnzenberger \u201eUrgestein\u201c Diethardt Stamm. Moderiert wurde die Veranstaltung von der Florst\u00e4dterin Ina Neher, einer Expertin f\u00fcr regenerative Energien. Mit knapp 60 eingeloggten Teilnehmern waren die Organisatorinnen Dr. Monika Rhein (Bund Umwelt- und Naturschutz) und Gudrun Neher (Fraktionssprecherin der Gr\u00fcnen in Florstadt) sehr zufrieden. Die Mehrzahl der Teilnehmer kam aus Florstadt, viele weitere aber auch aus dem ganzen Wetteraukreis.<\/p>\n\n\n\n<p>Diethardt Stamm beschrieb anschaulich die Notwendigkeit auf regenerative Energieformen umzusteigen. Der Anteil der regenerativen Stromproduktion sei inzwischen auf rund 50% angestiegen; die Photovoltaik habe daran einen Anteil von rund 20%. Bemerkenswert seien hierbei die in den letzten 10 Jahren deutlich gesunkenen Kosten bei der Photovoltaik.<\/p>\n\n\n\n<p>Aktuell kommen bei der Photovoltaik pro Jahr 3 Gigawatt hinzu. Bei den Wunschszenarien f\u00fcr eine zuk\u00fcnftig ausschlie\u00dflich regenerative Energieversorgung werde die PV mit 25% der Gesamtleistung eingerechnet. Um das zu erreichen m\u00fcsste der PV-Zuwachs ab sofort bei 16 Gigawatt pro Jahr liegen. Die PV-Anlage auf dem Hausdach ist dann ein Teil eines energetischen Netzwerks, bei dem m\u00f6glichst viele Hausbesitzer mitmachen m\u00fcssen.<\/p>\n\n\n\n<p>Aktuell sind noch einige gesetzliche Grundlagen in der Diskussion und hemmen die Bereitschaft vieler B\u00fcrger*innen. Trotzdem gelang es dem Vortrag, Grundlagen zu schaffen f\u00fcr geplante neue PV-Anlagen. Mit einem kleinen Rechenbeispiel wurde dargelegt, dass sich heute trotz geringerer Einspeiseerl\u00f6se neue Anlagen bereits nach 8 bis 9 Jahren amortisieren k\u00f6nnen. Dabei ist die Eigenstromnutzung von herausragender Bedeutung.<\/p>\n\n\n\n<p>Im Anschluss wurden auch noch sogenannte Balkon-PV-Anlagen vorgestellt, die auch in Mietwohnungen zum Einsatz kommen k\u00f6nnen. Au\u00dferdem ging es um Insell\u00f6sungen, z. B. f\u00fcr eine Gartenh\u00fctte. Solche Insell\u00f6sungen sind auch gute Beitr\u00e4ge f\u00fcr Landstriche ohne Stromversorgung in der Dritten Welt. Diethardt Stamm stellte hier zum Abschluss ein Kooperationsprojekt mit \u00c4thiopien vor, wo mit gespendeten Kleinstanlagen eine Schule mit Licht versorgt wird, Radio geh\u00f6rt oder ein Handy aufgeladen werden kann.<\/p>\n\n\n\n<p>Nach dem Vortrag von Diethardt Stamm hatten die Teilnehmer Gelegenheit, Fragen zu stellen. Im digitalen Chat ging das sowohl durch Wortmeldungen wie auch durch schriftliche Fragen, die in der Praxis bereits parallel zum Vortrag gestellt wurden. So konnten Fragen zu Flachd\u00e4chern, zu Altanlagen, zu den momentanen Anschaffungskosten sowie zur Inbetriebnahme sachkundig vom Referenten und der Moderatorin beantwortet werden. Die Teilnehmer werden in den kommenden Tagen noch mit gew\u00fcnschten Informationen versorgt. Au\u00dferdem erhalten sie das Angebot einer pers\u00f6nlichen Beratung, das bereits einige angefragt haben.<\/p>\n\n\n\n<p>Die Organisatoren aus Florstadt werden sicherlich auch in Zukunft diese digitalen M\u00f6glichkeiten aufgreifen, um \u00fcber Themen, die vielen Mitb\u00fcrgern unter den N\u00e4geln brennen, zu informieren und sachlich zu diskutieren. Die erste Erfahrung hat gezeigt, dass man auf diesem Wege viele Mitb\u00fcrger*innen erreichen kann.<\/p>\n","protected":false},"excerpt":{"rendered":"<p>Gro\u00dfes Interesse fand der erste digitale Vortrag der GR\u00dcNEN Florstadt zur Sinnhaftigkeit privater Photovoltaikanlagen. Referent war der Photovoltaikexperte und das M\u00fcnzenberger \u201eUrgestein\u201c Diethardt Stamm. Moderiert wurde die Veranstaltung von der&#8230; <\/p>\n","protected":false},"author":1,"featured_media":541,"comment_status":"open","ping_status":"open","sticky":false,"template":"","format":"standard","meta":{"footnotes":""},"categories":[1],"tags":[],"class_list":["post-525","post","type-post","status-publish","format-standard","has-post-thumbnail","hentry","category-allgemein"],"_links":{"self":[{"href":"https:\/\/gruene-florstadt.de\/index.php?rest_route=\/wp\/v2\/posts\/525","targetHints":{"allow":["GET"]}}],"collection":[{"href":"https:\/\/gruene-florstadt.de\/index.php?rest_route=\/wp\/v2\/posts"}],"about":[{"href":"https:\/\/gruene-florstadt.de\/index.php?rest_route=\/wp\/v2\/types\/post"}],"author":[{"embeddable":true,"href":"https:\/\/gruene-florstadt.de\/index.php?rest_route=\/wp\/v2\/users\/1"}],"replies":[{"embeddable":true,"href":"https:\/\/gruene-florstadt.de\/index.php?rest_route=%2Fwp%2Fv2%2Fcomments&post=525"}],"version-history":[{"count":1,"href":"https:\/\/gruene-florstadt.de\/index.php?rest_route=\/wp\/v2\/posts\/525\/revisions"}],"predecessor-version":[{"id":526,"href":"https:\/\/gruene-florstadt.de\/index.php?rest_route=\/wp\/v2\/posts\/525\/revisions\/526"}],"wp:featuredmedia":[{"embeddable":true,"href":"https:\/\/gruene-florstadt.de\/index.php?rest_route=\/wp\/v2\/media\/541"}],"wp:attachment":[{"href":"https:\/\/gruene-florstadt.de\/index.php?rest_route=%2Fwp%2Fv2%2Fmedia&parent=525"}],"wp:term":[{"taxonomy":"category","embeddable":true,"href":"https:\/\/gruene-florstadt.de\/index.php?rest_route=%2Fwp%2Fv2%2Fcategories&post=525"},{"taxonomy":"post_tag","embeddable":true,"href":"https:\/\/gruene-florstadt.de\/index.php?rest_route=%2Fwp%2Fv2%2Ftags&post=525"}],"curies":[{"name":"wp","href":"https:\/\/api.w.org\/{rel}","templated":true}]}}