{"id":246,"date":"2020-12-11T21:43:00","date_gmt":"2020-12-11T20:43:00","guid":{"rendered":"https:\/\/wp.gruene-florstadt.de\/?p=246"},"modified":"2021-07-04T19:58:56","modified_gmt":"2021-07-04T17:58:56","slug":"erhalt-der-windraeder-bei-stammheim","status":"publish","type":"post","link":"https:\/\/gruene-florstadt.de\/?p=246","title":{"rendered":"Erhalt der Windr\u00e4der bei Stammheim"},"content":{"rendered":"\n<p>Die GR\u00dcNEN von Florstadt sorgen sich um den Standort der Windr\u00e4der bei Stammheim. Beim Regierungspr\u00e4sidium Darmstadt und beim Planungsverband FrankfurtRheinMain l\u00e4uft derzeit ein Anh\u00f6rungsverfahren zur Ausweisung von Windvorranggebieten. Dabei ist momentan vorgesehen, die Windenergiefl\u00e4che bei Stammheim nicht mehr als solche weiter zu f\u00fchren, sondern als Ausschlussfl\u00e4che zu behandeln. Im Anh\u00f6rungsverfahren kann jede Mitb\u00fcrgerin und jeder Mitb\u00fcrger eine Stellungnahme zu diesen Fl\u00e4chen abgeben. Auch alle Tr\u00e4ger \u00f6ffentlicher Belange sowie St\u00e4dte und Gemeinden sind aufgefordert, dazu die Fl\u00e4chen aus ihrer Sicht zu beurteilen. W\u00e4hrend sich aus dem Florst\u00e4dter Stadtteil Stammheim bereits 42 Personen in einer Stellungnahme f\u00fcr den Erhalt der Windvorrangfl\u00e4che ausgesprochen haben, hat die Stadt offenbar hier noch keine Stellungnahme zu der Fl\u00e4che 6402 abgegeben. Das m\u00f6chten die GR\u00dcNEN in der n\u00e4chsten Stadtverordnetensitzung \u00e4ndern. Sie haben beantragt, den Windstandort in Stammheim als sogenanntes Vorranggebiet auch in Zukunft auszuweisen und nicht als Ausschlussfl\u00e4che zu behandeln. Der B\u00fcrgermeister Herbert Unger hat sich sogar daf\u00fcr eingesetzt, dass der Zeitrahmen f\u00fcr die Einreichung von Stellungnahmen verl\u00e4ngert wird, weil die Sitzung erst am 16.12.2020 stattfindet, die Frist aber schon am 14.12.2020 endet.<\/p>\n\n\n\n<h4 class=\"wp-block-heading\"><strong>Schutz des Rotmilans<\/strong><\/h4>\n\n\n\n<p>Als Grund f\u00fcr die Ausweisung als Ausschlussfl\u00e4che wird das Vorkommen des Rotmilans in der N\u00e4he der Windr\u00e4der angegeben. Er ist allerdings seit 2020 nicht mehr in der Roten Liste der gef\u00e4hrdeten Tierarten gef\u00fchrt, sondern lediglich auf der Vorwarnliste. Es erscheint deshalb mehr als zweifelhaft, hier von Seiten des s\u00fcdhessischen Regierungspr\u00e4sidiums eine grunds\u00e4tzliche Ablehnung von Windvorrangfl\u00e4chen im Umkreis von 1000 m um einen Horst des Rotmilans, der hier auch als Gabelweihe bezeichnet wird, festzulegen. Der Rotmilan hat sich in und um Stammheim in den letzten Jahren trotz der Existenz von WEAs sehr stark vermehrt und ist im Sommer der h\u00e4ufigste Raubvogel am Himmel. Es scheint also auf den ersten Blick keinen Konflikt zwischen Artenschutz und umweltfreundlicher Energieerzeugung zu geben.<\/p>\n\n\n\n<h4 class=\"wp-block-heading\"><strong>Windr\u00e4der werden nicht sofort abgebaut<\/strong><\/h4>\n\n\n\n<p>Nach derzeitigem Stand w\u00fcrden die Windr\u00e4der, die seit ca. zwei Jahrzehnten das Landschaftsbild von Stammheim mit gepr\u00e4gt haben dann wegfallen, wenn die Anlagen aus technischen oder wirtschaftlichen Gr\u00fcnden abg\u00e4ngig sind. Ein sogenanntes \u201eRepowering\u201c, also der Ersatz durch neue leistungsf\u00e4higere Windenergieanlagen (WEA) w\u00e4re ausgeschlossen. Da gerade in S\u00fcdhessen das Ziel des Energiegipfels von 2011 von allen politischen Kr\u00e4ften im Land, n\u00e4mlich 2 % der Fl\u00e4che f\u00fcr die Windenergie zu reservieren, nicht erreicht ist, muss an den Kriterien f\u00fcr deren Festlegung gearbeitet werden.<\/p>\n\n\n\n<h4 class=\"wp-block-heading\"><strong>Vogelschutz kann auch mit Windr\u00e4dern gew\u00e4hrleistet werden<\/strong> <\/h4>\n\n\n\n<p>Falls es in Stammheim zu einem Repowering der Windr\u00e4der kommen sollte, geht das sowieso nur mit einem immissionsschutzrechtlichen Verfahren, bei dem nat\u00fcrlich auch die Belange des Naturschutzes gepr\u00fcft werden. Hierbei k\u00f6nnen sogar Anordnungen getroffen werden, die beispielsweise den Betrieb der Anlagen zu den Zeiten untersagen, wenn z. B. die Jungv\u00f6gel den Horst verlassen, also fl\u00fcgge werden.<br>Ein genereller Ausschluss erscheint nicht g\u00fcnstig, insbesondere, weil in Zukunft die Kommunen an den Einnahmen aus den Windenergieanlagen beteiligt werden sollen. Im \u00dcbrigen sind die Stammheimer Windr\u00e4der von der Bev\u00f6lkerung akzeptiert und seinerzeit ist der Standort von allen politischen Kr\u00e4ften in Florstadt beschlossen worden.<\/p>\n","protected":false},"excerpt":{"rendered":"<p>Die GR\u00dcNEN von Florstadt sorgen sich um den Standort der Windr\u00e4der bei Stammheim. Beim Regierungspr\u00e4sidium Darmstadt und beim Planungsverband FrankfurtRheinMain l\u00e4uft derzeit ein Anh\u00f6rungsverfahren zur Ausweisung von Windvorranggebieten. Dabei ist&#8230; <\/p>\n","protected":false},"author":1,"featured_media":0,"comment_status":"open","ping_status":"open","sticky":false,"template":"","format":"standard","meta":{"footnotes":""},"categories":[1],"tags":[],"class_list":["post-246","post","type-post","status-publish","format-standard","hentry","category-allgemein"],"_links":{"self":[{"href":"https:\/\/gruene-florstadt.de\/index.php?rest_route=\/wp\/v2\/posts\/246","targetHints":{"allow":["GET"]}}],"collection":[{"href":"https:\/\/gruene-florstadt.de\/index.php?rest_route=\/wp\/v2\/posts"}],"about":[{"href":"https:\/\/gruene-florstadt.de\/index.php?rest_route=\/wp\/v2\/types\/post"}],"author":[{"embeddable":true,"href":"https:\/\/gruene-florstadt.de\/index.php?rest_route=\/wp\/v2\/users\/1"}],"replies":[{"embeddable":true,"href":"https:\/\/gruene-florstadt.de\/index.php?rest_route=%2Fwp%2Fv2%2Fcomments&post=246"}],"version-history":[{"count":1,"href":"https:\/\/gruene-florstadt.de\/index.php?rest_route=\/wp\/v2\/posts\/246\/revisions"}],"predecessor-version":[{"id":248,"href":"https:\/\/gruene-florstadt.de\/index.php?rest_route=\/wp\/v2\/posts\/246\/revisions\/248"}],"wp:attachment":[{"href":"https:\/\/gruene-florstadt.de\/index.php?rest_route=%2Fwp%2Fv2%2Fmedia&parent=246"}],"wp:term":[{"taxonomy":"category","embeddable":true,"href":"https:\/\/gruene-florstadt.de\/index.php?rest_route=%2Fwp%2Fv2%2Fcategories&post=246"},{"taxonomy":"post_tag","embeddable":true,"href":"https:\/\/gruene-florstadt.de\/index.php?rest_route=%2Fwp%2Fv2%2Ftags&post=246"}],"curies":[{"name":"wp","href":"https:\/\/api.w.org\/{rel}","templated":true}]}}