{"id":241,"date":"2021-01-31T21:38:00","date_gmt":"2021-01-31T20:38:00","guid":{"rendered":"https:\/\/wp.gruene-florstadt.de\/?p=241"},"modified":"2021-07-04T19:58:28","modified_gmt":"2021-07-04T17:58:28","slug":"florstadt-steht-einmuetig-zu-seinem-moebelhaus","status":"publish","type":"post","link":"https:\/\/gruene-florstadt.de\/?p=241","title":{"rendered":"Florstadt steht einm\u00fctig zu seinem M\u00f6belhaus"},"content":{"rendered":"\n<p>Die Stadtverordneten von Florstadt haben sich einstimmig hinter die Forderung gestellt, vom Bau eines gigantischen M\u00f6belhauses der Firma Segm\u00fcller in Bad Vilbel Abstand zu nehmen. Stattdessen stellen sie sich hinter ihr im Vergleich kleines M\u00f6belhaus Straube, dass seit 1967 ortsans\u00e4ssig ist.<\/p>\n\n\n\n<p>Die GR\u00dcNEN hatten beantragt, den Bau des Kolosses \u00e4hnlich dem im Weiterstadt abzulehnen, vom Magistrat eine ablehnende Stellungnahme im derzeit laufenden Abweichungsverfahren beim Regionalverband zu fordern und juristische Schritte gegen das Mammutprojekt in Bad Vilbel zu pr\u00fcfen.<\/p>\n\n\n\n<p>Gerhard Salz sprach sich in der Begr\u00fcndung deutlich f\u00fcr die Unterst\u00fctzung des einheimischen Gewerbes aus. Den GR\u00dcNEN ginge es um den Erhalt der 45 Arbeitspl\u00e4tze, der Einkaufsm\u00f6glichkeit in Florstadt und der Sicherung eines Familienbetriebes.<\/p>\n\n\n\n<p>W\u00e4hrend der Diskussion dar\u00fcber erkl\u00e4rte B\u00fcrgermeister Unger, die ablehnende Stellungnahme sei bereits in Arbeit und werde fristgerecht eingereicht. Weiterhin schlug er vor, statt einer Pr\u00fcfung eigener Rechtsmittel sich doch besser einer bestehenden Klage wie beispielsweise der aus Bad Homburg anzuschlie\u00dfen. Die SPD beantragte zudem noch, auch im dann folgenden Bebauungsplanverfahren juristische Schritte einzuleiten.<\/p>\n\n\n\n<p>Die GR\u00dcNEN \u00fcbernahmen diese \u00c4nderungen und so wurde mit breiter Mehrheit aus CDU, SPD und GR\u00dcNEN dieser Antrag verabschiedet. Der B\u00fcrgermeister sagte zu, den Fraktionen die ablehnende Stellungnahme mit dem Protokoll zukommen zu lassen. Salz ist guter Hoffnung, dass eine verbreiterte Basis nat\u00fcrlich auch die Chancen, vor Gericht zu obsiegen verbessern wird. Immerhin haben die Entscheidungen der Hessischen Verwaltungsgerichte bereits zwei Mal die Ansiedlung von Segm\u00fcller in Bad Vilbel verhindert.<\/p>\n","protected":false},"excerpt":{"rendered":"<p>Die Stadtverordneten von Florstadt haben sich einstimmig hinter die Forderung gestellt, vom Bau eines gigantischen M\u00f6belhauses der Firma Segm\u00fcller in Bad Vilbel Abstand zu nehmen. Stattdessen stellen sie sich hinter&#8230; <\/p>\n","protected":false},"author":1,"featured_media":0,"comment_status":"open","ping_status":"open","sticky":false,"template":"","format":"standard","meta":{"footnotes":""},"categories":[1],"tags":[],"class_list":["post-241","post","type-post","status-publish","format-standard","hentry","category-allgemein"],"_links":{"self":[{"href":"https:\/\/gruene-florstadt.de\/index.php?rest_route=\/wp\/v2\/posts\/241","targetHints":{"allow":["GET"]}}],"collection":[{"href":"https:\/\/gruene-florstadt.de\/index.php?rest_route=\/wp\/v2\/posts"}],"about":[{"href":"https:\/\/gruene-florstadt.de\/index.php?rest_route=\/wp\/v2\/types\/post"}],"author":[{"embeddable":true,"href":"https:\/\/gruene-florstadt.de\/index.php?rest_route=\/wp\/v2\/users\/1"}],"replies":[{"embeddable":true,"href":"https:\/\/gruene-florstadt.de\/index.php?rest_route=%2Fwp%2Fv2%2Fcomments&post=241"}],"version-history":[{"count":1,"href":"https:\/\/gruene-florstadt.de\/index.php?rest_route=\/wp\/v2\/posts\/241\/revisions"}],"predecessor-version":[{"id":243,"href":"https:\/\/gruene-florstadt.de\/index.php?rest_route=\/wp\/v2\/posts\/241\/revisions\/243"}],"wp:attachment":[{"href":"https:\/\/gruene-florstadt.de\/index.php?rest_route=%2Fwp%2Fv2%2Fmedia&parent=241"}],"wp:term":[{"taxonomy":"category","embeddable":true,"href":"https:\/\/gruene-florstadt.de\/index.php?rest_route=%2Fwp%2Fv2%2Fcategories&post=241"},{"taxonomy":"post_tag","embeddable":true,"href":"https:\/\/gruene-florstadt.de\/index.php?rest_route=%2Fwp%2Fv2%2Ftags&post=241"}],"curies":[{"name":"wp","href":"https:\/\/api.w.org\/{rel}","templated":true}]}}