{"id":239,"date":"2021-02-02T21:36:00","date_gmt":"2021-02-02T20:36:00","guid":{"rendered":"https:\/\/wp.gruene-florstadt.de\/?p=239"},"modified":"2021-07-04T20:03:53","modified_gmt":"2021-07-04T18:03:53","slug":"auch-in-florstadt-sollen-die-kitagebuehren-erstattet-werden","status":"publish","type":"post","link":"https:\/\/gruene-florstadt.de\/?p=239","title":{"rendered":"Auch in Florstadt sollen die Kitageb\u00fchren erstattet werden"},"content":{"rendered":"\n<p>Die Stadtverordneten von Florstadt haben sich mehrheitlich daf\u00fcr ausgesprochen, die Eltern, die ihre Kinder momentan nicht in die Kindertagesst\u00e4tten schicken, nicht auch noch mit Geb\u00fchren zu belasten. Das Land Hessen empfiehlt allen Eltern dringend, bis mindestens 14.02.2021 die Kinder zuhause zu betreuen. Gudrun Neher, die Fraktionsvorsitzende der GR\u00dcNEN dazu: \u201eEltern sind momentan \u00fcber Geb\u00fchr mit der Coronasituation belastet, deshalb d\u00fcrfen ihnen nicht auch noch die monatlichen Beitr\u00e4ge, die bei Anmeldung eines Kindes f\u00e4llig werden, aufgeb\u00fcrdet werden.\u201c<\/p>\n\n\n\n<p>Das Land Hessen hat sich dazu bereit erkl\u00e4rt, die H\u00e4lfte der daf\u00fcr anfallenden Kosten den St\u00e4dten und Gemeinden zu erstatten. Damit bliebe die finanzielle Last nicht ausschlie\u00dflich bei den Kommunen h\u00e4ngen. Das Land zahlt seit dem Sommer 2018 sowieso f\u00fcr alle \u00fcber 3-j\u00e4hrigen Kinder einen Ausgleich an die Kommune, so dass die Eltern dieser Kinder f\u00fcr 6 Stunden am Tag eine geb\u00fchrenfreie Betreuung in den Kindertagesst\u00e4tten genie\u00dfen. Die GR\u00dcNEN freuen sich \u00fcber diesen ersten Schritt zur vollst\u00e4ndigen Abschaffung der Kitageb\u00fchren.<\/p>\n\n\n\n<p>Die SPD hatte in der Sitzung einen Zusatzantrag vorgelegt, der kl\u00e4rt, dass die Landeserstattungen f\u00fcr die \u00fcber 3-j\u00e4hrigen und die Geb\u00fchren\u00fcbernahmen im Einzelfall durch den Wetteraukreis hiervon unber\u00fchrt bleiben und die Entlastung nur solange gilt, wie das Land Hessen seine Unterst\u00fctzungszahlungen auch erstattet. Die GR\u00dcNEN haben diesen Zusatz mit \u00fcbernommen. Beide Antr\u00e4ge wurden gemeinsam von GR\u00dcNEN und SPD beschlossen. Die CDU stimmte dagegen.<\/p>\n","protected":false},"excerpt":{"rendered":"<p>Die Stadtverordneten von Florstadt haben sich mehrheitlich daf\u00fcr ausgesprochen, die Eltern, die ihre Kinder momentan nicht in die Kindertagesst\u00e4tten schicken, nicht auch noch mit Geb\u00fchren zu belasten. Das Land Hessen&#8230; <\/p>\n","protected":false},"author":1,"featured_media":281,"comment_status":"open","ping_status":"open","sticky":false,"template":"","format":"standard","meta":{"footnotes":""},"categories":[1],"tags":[],"class_list":["post-239","post","type-post","status-publish","format-standard","has-post-thumbnail","hentry","category-allgemein"],"_links":{"self":[{"href":"https:\/\/gruene-florstadt.de\/index.php?rest_route=\/wp\/v2\/posts\/239","targetHints":{"allow":["GET"]}}],"collection":[{"href":"https:\/\/gruene-florstadt.de\/index.php?rest_route=\/wp\/v2\/posts"}],"about":[{"href":"https:\/\/gruene-florstadt.de\/index.php?rest_route=\/wp\/v2\/types\/post"}],"author":[{"embeddable":true,"href":"https:\/\/gruene-florstadt.de\/index.php?rest_route=\/wp\/v2\/users\/1"}],"replies":[{"embeddable":true,"href":"https:\/\/gruene-florstadt.de\/index.php?rest_route=%2Fwp%2Fv2%2Fcomments&post=239"}],"version-history":[{"count":1,"href":"https:\/\/gruene-florstadt.de\/index.php?rest_route=\/wp\/v2\/posts\/239\/revisions"}],"predecessor-version":[{"id":240,"href":"https:\/\/gruene-florstadt.de\/index.php?rest_route=\/wp\/v2\/posts\/239\/revisions\/240"}],"wp:featuredmedia":[{"embeddable":true,"href":"https:\/\/gruene-florstadt.de\/index.php?rest_route=\/wp\/v2\/media\/281"}],"wp:attachment":[{"href":"https:\/\/gruene-florstadt.de\/index.php?rest_route=%2Fwp%2Fv2%2Fmedia&parent=239"}],"wp:term":[{"taxonomy":"category","embeddable":true,"href":"https:\/\/gruene-florstadt.de\/index.php?rest_route=%2Fwp%2Fv2%2Fcategories&post=239"},{"taxonomy":"post_tag","embeddable":true,"href":"https:\/\/gruene-florstadt.de\/index.php?rest_route=%2Fwp%2Fv2%2Ftags&post=239"}],"curies":[{"name":"wp","href":"https:\/\/api.w.org\/{rel}","templated":true}]}}