{"id":236,"date":"2021-02-11T21:34:00","date_gmt":"2021-02-11T20:34:00","guid":{"rendered":"https:\/\/wp.gruene-florstadt.de\/?p=236"},"modified":"2021-07-04T19:19:10","modified_gmt":"2021-07-04T17:19:10","slug":"glasfaserausbau-in-florstadt-in-vorbereitung","status":"publish","type":"post","link":"https:\/\/gruene-florstadt.de\/?p=236","title":{"rendered":"Glasfaserausbau in Florstadt in Vorbereitung"},"content":{"rendered":"\n<h4 class=\"wp-block-heading\"><strong>Gr\u00fcne Florstadt organisierten Informationsveranstaltung mit Fachleuten<\/strong><\/h4>\n\n\n\n<p>Bei einer digitalen Veranstaltung am Donnerstag, 11. Februar 2021, informierten sich knapp 60 Personen \u00fcber die aktuellen Planungen in Florstadt. Was in Altenstadt, Limeshain und Niddatal bereits in der Umsetzung ist, steht nun auch in Florstadt in den Startl\u00f6chern und wird voraussichtlich im Fr\u00fchsommer 2023 starten: ein fl\u00e4chendeckender Anschluss aller Haushalte in Florstadt und seinen Ortsteilen an das Glasfasernetz. Mit Breitbandanschl\u00fcssen bis ins Haus k\u00f6nnen Datendurchs\u00e4tze bis zu einem Gigabyte\/Sekunde erreicht und so fl\u00fcssiges TV-Streaming in h\u00f6chster Aufl\u00f6sung, Internetsurfen mit Lichtgeschwindigkeit und stabile Videokonferenzen im Homeoffice erm\u00f6glicht werden.<\/p>\n\n\n\n<p>Begr\u00fc\u00dft wurden die Teilnehmer*innen mit einer kleinen physikalischen Demonstration von Gerhard Salz (siehe Foto), der die Veranstaltung bereits seit Oktober gemeinsam mit einem parteiinternen Arbeitskreis konzipiert und vorbereitet hatte. Auf dem Programm standen mehrere kurze Fachvortr\u00e4ge, die das Vorhaben erkl\u00e4ren und die aktuellen Rahmenbedingungen beschreiben sollten.<\/p>\n\n\n\n<h4 class=\"wp-block-heading\"><strong>Breitbandausbau im Wetteraukreis<\/strong><\/h4>\n\n\n\n<p>Matthias Flor, der im Wetteraukreis f\u00fcr die Koordination des Breitbandausbaus zust\u00e4ndig ist, informierte \u00fcber den Ausbau im Kreis. Er nahm an dieser Veranstaltung als Privatperson teil. Er konstatiert, dass der Bedarf an &nbsp;einer schnellen Internetanbindung zugenommen hat und weiter steigen werde. Eine gute Anbindung sei inzwischen Teil der Daseinsvorsorge, sei beim Vermieten wichtig und steigere den Wert von Immobilien. Aktuell sei der Versorgungsgrad in der Wetterau mit 26% Versorgung im Gigabitbereich schon recht gut. Allerdings l\u00e4gen die meisten Haushalte, die eine so gute Versorgung aufweisen, in Bad Nauheim und in Bad Vilbel. Um auch die l\u00e4ndlichen Kommunen besser zu versorgen, war vor einigen Jahren mit der Bigo eine Gesellschaft gegr\u00fcndet worden, die unterst\u00fctzt durch F\u00f6rderprogramme die Versorgung im l\u00e4ndlichen Raum vorantreiben sollte. Immerhin sei \u00fcber die Bigo die Karl-Weigand-Schule in Florstadt mit leistungsf\u00e4higem Internet versorgt worden. F\u00fcr den fl\u00e4chendeckenden Ausbau sei allerdings zun\u00e4chst der freie Markt zust\u00e4ndig. Hier g\u00e4be es inzwischen Anbieter, die fl\u00e4chendeckende Angebote machen und diese bei akzeptablen Tarifen auch in \u00fcberschaubaren Zeitr\u00e4umen umsetzen k\u00f6nnen.<\/p>\n\n\n\n<h4 class=\"wp-block-heading\"><strong>Status quo in Florstadt und Niddatal<\/strong><\/h4>\n\n\n\n<p>Die beiden B\u00fcrgermeister aus Niddatal und Florstadt, Michael Hahn und Herbert Unger, erl\u00e4uterten anschlie\u00dfend den Status quo in ihren St\u00e4dten. Niddatal habe seit 2015 einen Kooperationsvertrag mit YplaY und im Fr\u00fchjahr 2021 beginne die Umsetzung im Stadtteil Kaichen. \u201eAuch die letzte Milchkanne brauche gutes WLAN\u201c (O-Ton Michael Hahn), denn selbst moderne landwirtschaftliche Betriebe, gerade auch im \u00d6ko-Landbau seien auf gute Datenverbindungen angewiesen. B\u00fcrgermeister Herbert Unger hat zusammen mit dem Magistrat noch im Dezember eine erste Absichtserkl\u00e4rungserkl\u00e4rung mit YplaY beschlossen, die im Januar vom Parlament einstimmig gebilligt wurde. Zuvor waren andere Optionen mit Vodafone, der Deutschen Glasfaser und Telekom im Gespr\u00e4ch; hier gab es allerdings kein fl\u00e4chendeckendes Angebot.<\/p>\n\n\n\n<h4 class=\"wp-block-heading\"><strong>Aktuelles Telekomangebot in Florstadt<\/strong><\/h4>\n\n\n\n<p>Leider war der aktuelle Versorger in Florstadt, die Telekom, nicht bereit an dieser Veranstaltung teilzunehmen. \u00dcber den Ausbaustand informierte deshalb Axel Faber f\u00fcr die Vorbereitungsgruppe. F\u00fcr die meisten Haushalte g\u00e4be es bislang VDSL-Anschl\u00fcsse mit 50 bis 250 Megabit pro Sekunde. Dar\u00fcber hinaus g\u00e4be es laut Telekom 100 Glasfaser-Anschl\u00fcsse direkt ins Haus. Diese versorgen zwei Neubaugebiete in Stammheim und in Nieder-Florstadt. F\u00fcr die Telekom k\u00e4me ein sofortiges Ausbauprojekt in Florstadt nicht in Frage; dar\u00fcber k\u00f6nne man fr\u00fchestens 2022 mit ihnen sprechen.<\/p>\n\n\n\n<h4 class=\"wp-block-heading\"><strong>YplaY bald auch in Florstadt<\/strong><\/h4>\n\n\n\n<p>Walter Erl, Regionalchef von YplaY Germany, stellte sein Unternehmen vor, das bereits in Limeshain, Niddatal und Altenstadt t\u00e4tig ist. YplaY k\u00f6nnte Florstadt mit Glasfaser von den bereits erschlossenen Standorten Wickstadt und&nbsp; Altenstadt aus erschlie\u00dfen. YplaY ist grunds\u00e4tzlich bereit, alle Ortsteile zu erschlie\u00dfen, braucht aber dazu die Bereitschaft von rund 40 % der Haushalte, die einen Vertrag \u00fcber 24 Monate abschlie\u00dfen. Was sich im ersten Moment eventuell viel anh\u00f6rt, relativiert sich wenn man bedenkt, dass hier die einmalige Anschlussgeb\u00fchr entf\u00e4llt. Diese wird bei einem sp\u00e4teren Abschluss 1500 \u20ac betragen. Au\u00dferdem ist das erste Anschlussjahr f\u00fcr die Kunden kostenfrei, damit sie problemlos aus alten Vertr\u00e4gen zum neuen Anbieter wechseln k\u00f6nnen. Herr Erl betonte, dass diese sehr gute Datenversorgung ein Gebot der Zeit sei, wenn man sieht, dass in gro\u00dfen Teilen Asiens bereits 80 % der Menschen mit Glasfaser versorgt seien, in Deutschland aber nur rund 5 % der Haushalte. Herr Erl geht davon aus, dass in Florstadt nach der Vertragsunterzeichnung im Sommer 2021 die Vorvermarktung gekl\u00e4rt werden k\u00f6nne. Dazu ist eine umfangreiche Information aller Haushalte erforderlich, verbunden mit weiteren Informationsveranstaltungen. Anschlie\u00dfend erfolge eine Wirtschaftlichkeitspr\u00fcfung, dann die Planung und dann der Ausbau, der dann fr\u00fchestens im Sommer 2023 stattfinden k\u00f6nne. In der anschlie\u00dfenden Diskussion werden noch viele technische Fragen gekl\u00e4rt, wie die zuverl\u00e4ssige Datenleitung in die Metropolregion Frankfurt, die Art der Hausanschl\u00fcsse und Verteilerk\u00e4sten und die M\u00f6glichkeit YplaY-Vertr\u00e4ge auch wieder zu verlassen. Gerhard Salz schl\u00e4gt vor, mit der Telekom nochmals das Gespr\u00e4ch zu suchen, um zu kl\u00e4ren, ob nicht doch die vorhandenen Glasfaserknoten, die im Eigentum der Telekom sind, mitgenutzt werden k\u00f6nnen. Es sei unverst\u00e4ndlich, warum die Telekom hierbei vielerorts nicht bereit sei, entsprechende Nutzungsvertr\u00e4ge mit anderen Anbietern abzuschlie\u00dfen, wenn sie doch selbst nicht bereit ist, Hausanschl\u00fcsse zu verlegen. Abschlie\u00dfend bedanken sich die Gr\u00fcnen Florstadt f\u00fcr die rege Beteiligung an der Veranstaltung und w\u00fcnschen der Florst\u00e4dter Verwaltung viel Erfolg bei der z\u00fcgigen Umsetzung der n\u00e4chsten Schritte.<\/p>\n","protected":false},"excerpt":{"rendered":"<p>Gr\u00fcne Florstadt organisierten Informationsveranstaltung mit Fachleuten Bei einer digitalen Veranstaltung am Donnerstag, 11. Februar 2021, informierten sich knapp 60 Personen \u00fcber die aktuellen Planungen in Florstadt. Was in Altenstadt, Limeshain&#8230; <\/p>\n","protected":false},"author":1,"featured_media":540,"comment_status":"open","ping_status":"open","sticky":false,"template":"","format":"standard","meta":{"footnotes":""},"categories":[1],"tags":[],"class_list":["post-236","post","type-post","status-publish","format-standard","has-post-thumbnail","hentry","category-allgemein"],"_links":{"self":[{"href":"https:\/\/gruene-florstadt.de\/index.php?rest_route=\/wp\/v2\/posts\/236","targetHints":{"allow":["GET"]}}],"collection":[{"href":"https:\/\/gruene-florstadt.de\/index.php?rest_route=\/wp\/v2\/posts"}],"about":[{"href":"https:\/\/gruene-florstadt.de\/index.php?rest_route=\/wp\/v2\/types\/post"}],"author":[{"embeddable":true,"href":"https:\/\/gruene-florstadt.de\/index.php?rest_route=\/wp\/v2\/users\/1"}],"replies":[{"embeddable":true,"href":"https:\/\/gruene-florstadt.de\/index.php?rest_route=%2Fwp%2Fv2%2Fcomments&post=236"}],"version-history":[{"count":1,"href":"https:\/\/gruene-florstadt.de\/index.php?rest_route=\/wp\/v2\/posts\/236\/revisions"}],"predecessor-version":[{"id":238,"href":"https:\/\/gruene-florstadt.de\/index.php?rest_route=\/wp\/v2\/posts\/236\/revisions\/238"}],"wp:featuredmedia":[{"embeddable":true,"href":"https:\/\/gruene-florstadt.de\/index.php?rest_route=\/wp\/v2\/media\/540"}],"wp:attachment":[{"href":"https:\/\/gruene-florstadt.de\/index.php?rest_route=%2Fwp%2Fv2%2Fmedia&parent=236"}],"wp:term":[{"taxonomy":"category","embeddable":true,"href":"https:\/\/gruene-florstadt.de\/index.php?rest_route=%2Fwp%2Fv2%2Fcategories&post=236"},{"taxonomy":"post_tag","embeddable":true,"href":"https:\/\/gruene-florstadt.de\/index.php?rest_route=%2Fwp%2Fv2%2Ftags&post=236"}],"curies":[{"name":"wp","href":"https:\/\/api.w.org\/{rel}","templated":true}]}}