{"id":1285,"date":"2026-03-14T10:18:20","date_gmt":"2026-03-14T09:18:20","guid":{"rendered":"https:\/\/gruene-florstadt.de\/?p=1285"},"modified":"2026-03-14T10:21:11","modified_gmt":"2026-03-14T09:21:11","slug":"gruene-erwarten-handeln-beim-neuerlichen-busdesaster-in-und-um-florstadt","status":"publish","type":"post","link":"https:\/\/gruene-florstadt.de\/?p=1285","title":{"rendered":"GR\u00dcNE erwarten Handeln beim neuerlichen Busdesaster in und um Florstadt"},"content":{"rendered":"\n<p><strong>VGO darf sich nicht rausreden sondern muss handeln<\/strong><\/p>\n\n\n\n<p>Die Bundesstra\u00dfe B 275 ist derzeit in Nieder-Florstadt gesperrt, weil sie grundsaniert wird. Dagegen ist nichts einzuwenden. Bei den vielf\u00e4ltigen Umleitungen, die es hierbei gibt, sind auch solche f\u00fcr den Schwerlast- und Busverkehr vorgesehen. Das wurde alles am 20. Januar 2026 auf einer B\u00fcrgerversammlung in Nieder-Florstadt vorgestellt und teilweise kritisch diskutiert. Am Tisch sa\u00dfen neben Vertretern der Stadt Florstadt auch ein Mitarbeiter von Hessen Mobil. Lediglich die Verkehrsgesellschaft Oberhessen (VGO), die den Busverkehr im Wetteraukreis organisiert, fehlte. Ein Grund konnte nicht genannt werden, die Absage fand kurzfristig statt.<\/p>\n\n\n\n<p>Nun ist die Stra\u00dfe seit dem 09.03.2026 gesperrt und die Beschwerden kommen mannigfaltig. So warteten viele auf den Bus nach Friedberg. Der war so voll, dass ca. 40 Personen in Nieder-Florstadt nicht mitgenommen wurden. Der lapidare Hinweis der VGO dazu: Es gab trotz einiger Treffen keine Einigung \u00fcber eine inner\u00f6rtliche Umleitung, weshalb aufgrund der gro\u00dfr\u00e4umigen Umfahrung das Fahrtangebot auf der Linie 01 reduziert werden musste. Der GR\u00dcNE Kreistagsabgeordnete Gerhard Salz aus Florstadt weist darauf hin, dass die Situation schon sehr lange vorher bekannt war und die VGO es nicht einmal eingesehen hat, an der diesbez\u00fcglichen B\u00fcrgerversammlung teilzunehmen.<\/p>\n\n\n\n<p>Aus Sicht der GR\u00dcNEN geh\u00f6rt das Busangebot in einem solchen Falle nicht reduziert, sondern ausgeweitet. Die l\u00e4ngeren Fahrtzeiten sollten durch <strong>mehr <\/strong>Busfahrten kompensiert werden. Leider ist das Gegenteil der Fall, die Situation wurde durch die VGO noch verschlimmert. Beispiel: Der Bus von Altenstadt \u00fcber Stammheim nach Friedberg um 06:12 Uhr f\u00e4hrt von Staden aus erst nach Nieder-Mockstadt, dann nach Nieder-Florstadt und von dort \u00fcber die Umleitungsstrecke \u00fcber Leidhecken nach Friedberg. Fahrtzeitm\u00e4\u00dfig eine Zumutung! Hinzu kommt die Tatsache, dass Nieder-Florstadt und Nieder-Mockstadt von Friedberg aus vormittags gar nicht angefahren werden. Die erste Anfahrt findet um 11:45 Uhr bzw. um 12:11 Uhr statt.<\/p>\n\n\n\n<p>Der Florst\u00e4dter GR\u00dcNE Gerhard Salz hat dazu schon im 14. Januar 2026 an die VGO geschrieben und gefordert, im Rahmen des Umleitungsfahrplans doch die Linie 1 direkt von Stammheim nach Nieder-Florstadt fahren zu lassen. Das ist bislang nicht aufgegriffen worden. Immerhin hat die VGO mit einem Zusatzbus um 06:48 Uhr ab Ober-Florstadt reagiert. Welchen Weg einige Busse wie dieser dann fahren, bleibt dem Fahrplanleser verborgen. Entweder gibt es jetzt doch einen inner\u00f6rtlichen Weg oder es werden einige Haltestellen nicht bedient.<\/p>\n\n\n\n<p>Schon beim Busdesaster an den beiden Schneefalltagen im Januar mangelte es an Informationen f\u00fcr die Eltern und Schulen \u00fcber ausfallende Busse seitens der VGO. Man h\u00e4tte mehr Sorgfalt erwarten k\u00f6nnen. Stattdessen erleben wir immer das Gleiche: \u201eDie VGO ist ein \u201eBeamtenverein\u201c, der sich durch Nichterscheinen bei \u00f6ffentlichen Sitzungen und abgehobenen, nicht nachvollziehbaren Entscheidungen der Daseinsvorsorge nicht im ausreichenden Ma\u00df auszeichnet. Die \u201eDienst-nach-Vorschrift-Mentalit\u00e4t\u201c der VGO muss sich dringend zu Gunsten einer konsequenten Orientierung an den Bed\u00fcrfnissen der Kundinnen und Kunden \u00e4ndern und nicht erst auf massive Proteste reagieren\u201c, fordert Salz abschlie\u00dfend.<\/p>\n\n\n\n<p><\/p>\n","protected":false},"excerpt":{"rendered":"<p>VGO darf sich nicht rausreden sondern muss handeln!<\/p>\n","protected":false},"author":1,"featured_media":1206,"comment_status":"open","ping_status":"open","sticky":false,"template":"","format":"standard","meta":{"footnotes":""},"categories":[1],"tags":[],"class_list":["post-1285","post","type-post","status-publish","format-standard","has-post-thumbnail","hentry","category-allgemein"],"_links":{"self":[{"href":"https:\/\/gruene-florstadt.de\/index.php?rest_route=\/wp\/v2\/posts\/1285","targetHints":{"allow":["GET"]}}],"collection":[{"href":"https:\/\/gruene-florstadt.de\/index.php?rest_route=\/wp\/v2\/posts"}],"about":[{"href":"https:\/\/gruene-florstadt.de\/index.php?rest_route=\/wp\/v2\/types\/post"}],"author":[{"embeddable":true,"href":"https:\/\/gruene-florstadt.de\/index.php?rest_route=\/wp\/v2\/users\/1"}],"replies":[{"embeddable":true,"href":"https:\/\/gruene-florstadt.de\/index.php?rest_route=%2Fwp%2Fv2%2Fcomments&post=1285"}],"version-history":[{"count":3,"href":"https:\/\/gruene-florstadt.de\/index.php?rest_route=\/wp\/v2\/posts\/1285\/revisions"}],"predecessor-version":[{"id":1287,"href":"https:\/\/gruene-florstadt.de\/index.php?rest_route=\/wp\/v2\/posts\/1285\/revisions\/1287"}],"wp:featuredmedia":[{"embeddable":true,"href":"https:\/\/gruene-florstadt.de\/index.php?rest_route=\/wp\/v2\/media\/1206"}],"wp:attachment":[{"href":"https:\/\/gruene-florstadt.de\/index.php?rest_route=%2Fwp%2Fv2%2Fmedia&parent=1285"}],"wp:term":[{"taxonomy":"category","embeddable":true,"href":"https:\/\/gruene-florstadt.de\/index.php?rest_route=%2Fwp%2Fv2%2Fcategories&post=1285"},{"taxonomy":"post_tag","embeddable":true,"href":"https:\/\/gruene-florstadt.de\/index.php?rest_route=%2Fwp%2Fv2%2Ftags&post=1285"}],"curies":[{"name":"wp","href":"https:\/\/api.w.org\/{rel}","templated":true}]}}